{"id":25970,"date":"2026-09-03T20:48:11","date_gmt":"2026-09-03T20:48:11","guid":{"rendered":"https:\/\/www.cvexpres.com\/empleo-profesor\/?p=25970"},"modified":"2026-09-03T20:48:11","modified_gmt":"2026-09-03T20:48:11","slug":"oferta-de-trabajo-para-profesor-de-digitalizacion-y-matematicas","status":"publish","type":"post","link":"https:\/\/www.cvexpres.com\/empleo-profesor\/oferta-de-trabajo-para-profesor-de-digitalizacion-y-matematicas\/","title":{"rendered":"Oferta de trabajo para profesor de digitalizaci\u00f3n y matem\u00e1ticas"},"content":{"rendered":"<div class=\"wpb-content-wrapper\" id=\"wpb-content-root\"><p>[vc_row][vc_column width=&#8221;1\/6&#8243;][\/vc_column][vc_column width=&#8221;2\/3&#8243;][vc_column_text css_animation=&#8221;none&#8221;]<\/p>\n<h2>Centro de Ense\u00f1anza | Cartagena<\/h2>\n<p>[\/vc_column_text][\/vc_column][vc_column width=&#8221;1\/6&#8243;][\/vc_column][\/vc_row][vc_row row_type=&#8221;row&#8221; use_row_as_full_screen_section=&#8221;no&#8221; type=&#8221;full_width&#8221; angled_section=&#8221;no&#8221; text_align=&#8221;left&#8221; background_image_as_pattern=&#8221;without_pattern&#8221;][vc_column width=&#8221;1\/2&#8243;][vc_single_image image=&#8221;25971&#8243; img_size=&#8221;full&#8221; style=&#8221;vc_box_shadow_3d&#8221; alignment=&#8221;center&#8221; css_animation=&#8221;none&#8221; qode_css_animation=&#8221;element_from_bottom&#8221; qode_hover_animation=&#8221;zoom_in&#8221;][\/vc_column][vc_column width=&#8221;1\/2&#8243;][vc_column_text css_animation=&#8221;none&#8221;]<strong>Tipo de centro<\/strong>: Centro de Ense\u00f1anza<\/p>\n<p><strong>Descripci\u00f3n<\/strong>: Centro de Ense\u00f1anza busca a un\/a Profesor\/a de Digitalizaci\u00f3n y Matem\u00e1ticas[\/vc_column_text][vc_column_text css_animation=&#8221;none&#8221;]<strong>Consideraciones:<\/strong><\/p>\n<ul>\n<li>Impartir F\u00edsica y qu\u00edmica, Matem\u00e1ticas, Tecnolog\u00eda digitalizaci\u00f3n.<\/li>\n<li>Licenciado o graduado en inform\u00e1tica, telecomunicaciones o cualquier titulaci\u00f3n habilitante para impartir las materias indicadas.<\/li>\n<li>M\u00e1ster de Profesorado. Nivel de ingles C1.<br \/>\n.<\/li>\n<\/ul>\n<p>[\/vc_column_text][\/vc_column][\/vc_row][vc_row row_type=&#8221;row&#8221; use_row_as_full_screen_section=&#8221;no&#8221; type=&#8221;full_width&#8221; angled_section=&#8221;no&#8221; text_align=&#8221;left&#8221; background_image_as_pattern=&#8221;without_pattern&#8221;][vc_column width=&#8221;1\/2&#8243;][vc_column_text css_animation=&#8221;none&#8221;]<strong>Fecha de publicaci\u00f3n:<\/strong> 03\/09\/2026<\/p>\n<p><strong>Fecha de resoluci\u00f3n: N\/A<\/strong><\/p>\n<p><strong>Jornada laboral: N\/A<\/strong><\/p>\n<p><strong>Tipo de contrato: Indefinido<\/strong>[\/vc_column_text][vc_column_text css=&#8221;.vc_custom_1748579976247{background-color: #D8D8D8 !important;}&#8221;]<\/p>\n<h5>\u00bfTe interesa? Ingresa en el siguiente enlace:<\/h5>\n<p>[\/vc_column_text][vc_btn title=&#8221;Registrarse a la oferta&#8221; align=&#8221;center&#8221; style=&#8221;3d&#8221; custom_background=&#8221;#F79468&#8243; custom_text=&#8221;#fff&#8221; i_icon_fontawesome=&#8221;fa fa-solid fa-circle-arrow-right&#8221; link=&#8221;url:mailto%3A%20cv%40colegiohispania.es|title:Reg%C3%ADstrate%20Aqu%C3%AD|target:_blank|rel:nofollow&#8221; button_block=&#8221;true&#8221; add_icon=&#8221;true&#8221; custom_border=&#8221;#f46e33&#8243;][\/vc_column][vc_column width=&#8221;1\/2&#8243;][vc_gmaps link=&#8221;#E-8_JTNDaWZyYW1lJTIwc3JjJTNEJTIyaHR0cHMlM0ElMkYlMkZ3d3cuZ29vZ2xlLmNvbSUyRm1hcHMlMkZlbWJlZCUzRnBiJTNEJTIxMW0xOCUyMTFtMTIlMjExbTMlMjExZDI1MjgyLjgwMzUwMzU1MzQ2MyUyMTJkLTEuMDA5MTQ5OTAyMDU0NTAzOCUyMTNkMzcuNjE3NDQzODQ1OTAxNjklMjEybTMlMjExZjAlMjEyZjAlMjEzZjAlMjEzbTIlMjExaTEwMjQlMjEyaTc2OCUyMTRmMTMuMSUyMTNtMyUyMTFtMiUyMTFzMHhkNjM0MjIyYTQzYWI1NmQlMjUzQTB4NDdkNzkwY2VmZWY2ZjlmZiUyMTJzQ2FydGFnZW5hJTI1MkMlMjUyME11cmNpYSUyNTJDJTI1MjBFc3BhJTI1QzMlMjVCMWElMjE1ZTAlMjEzbTIlMjExc2VzLTQxOSUyMTJzbXglMjE0djE3ODg0Njg0MDk0MTglMjE1bTIlMjExc2VzLTQxOSUyMTJzbXglMjIlMjB3aWR0aCUzRCUyMjYwMCUyMiUyMGhlaWdodCUzRCUyMjQ1MCUyMiUyMHN0eWxlJTNEJTIyYm9yZGVyJTNBMCUzQiUyMiUyMGFsbG93ZnVsbHNjcmVlbiUzRCUyMiUyMiUyMGxvYWRpbmclM0QlMjJsYXp5JTIyJTIwcmVmZXJyZXJwb2xpY3klM0QlMjJzdHJpY3Qtb3JpZ2luLXdoZW4tY3Jvc3Mtb3JpZ2luJTIyJTNFJTNDJTJGaWZyYW1lJTNF&#8221; css_animation=&#8221;none&#8221;][\/vc_column][\/vc_row][vc_row row_type=&#8221;row&#8221; use_row_as_full_screen_section=&#8221;no&#8221; type=&#8221;full_width&#8221; angled_section=&#8221;no&#8221; text_align=&#8221;left&#8221; background_image_as_pattern=&#8221;without_pattern&#8221;][vc_column][vc_column_text]<\/p>\n<p>[\/vc_column_text][\/vc_column][\/vc_row]<\/p>\n<\/div>","protected":false},"excerpt":{"rendered":"<p>[vc_row][vc_column width=&#8221;1\/6&#8243;][\/vc_column][vc_column width=&#8221;2\/3&#8243;][vc_column_text css_animation=&#8221;none&#8221;] Centro de Ense\u00f1anza | Cartagena [\/vc_column_text][\/vc_column][vc_column width=&#8221;1\/6&#8243;][\/vc_column][\/vc_row][vc_row row_type=&#8221;row&#8221; use_row_as_full_screen_section=&#8221;no&#8221; type=&#8221;full_width&#8221; angled_section=&#8221;no&#8221; text_align=&#8221;left&#8221; background_image_as_pattern=&#8221;without_pattern&#8221;][vc_column width=&#8221;1\/2&#8243;][vc_single_image image=&#8221;25971&#8243; img_size=&#8221;full&#8221;&#8230;<\/p>\n","protected":false},"author":3,"featured_media":0,"comment_status":"open","ping_status":"open","sticky":false,"template":"","format":"standard","meta":{"footnotes":""},"categories":[3],"tags":[],"class_list":["post-25970","post","type-post","status-publish","format-standard","category-ofertas-de-empleo-para-profesores"],"menu_order":0,"_links":{"self":[{"href":"https:\/\/www.cvexpres.com\/empleo-profesor\/wp-json\/wp\/v2\/posts\/25970","targetHints":{"allow":["GET"]}}],"collection":[{"href":"https:\/\/www.cvexpres.com\/empleo-profesor\/wp-json\/wp\/v2\/posts"}],"about":[{"href":"https:\/\/www.cvexpres.com\/empleo-profesor\/wp-json\/wp\/v2\/types\/post"}],"author":[{"embeddable":true,"href":"https:\/\/www.cvexpres.com\/empleo-profesor\/wp-json\/wp\/v2\/users\/3"}],"replies":[{"embeddable":true,"href":"https:\/\/www.cvexpres.com\/empleo-profesor\/wp-json\/wp\/v2\/comments?post=25970"}],"version-history":[{"count":1,"href":"https:\/\/www.cvexpres.com\/empleo-profesor\/wp-json\/wp\/v2\/posts\/25970\/revisions"}],"predecessor-version":[{"id":25972,"href":"https:\/\/www.cvexpres.com\/empleo-profesor\/wp-json\/wp\/v2\/posts\/25970\/revisions\/25972"}],"wp:attachment":[{"href":"https:\/\/www.cvexpres.com\/empleo-profesor\/wp-json\/wp\/v2\/media?parent=25970"}],"wp:term":[{"taxonomy":"category","embeddable":true,"href":"https:\/\/www.cvexpres.com\/empleo-profesor\/wp-json\/wp\/v2\/categories?post=25970"},{"taxonomy":"post_tag","embeddable":true,"href":"https:\/\/www.cvexpres.com\/empleo-profesor\/wp-json\/wp\/v2\/tags?post=25970"}],"curies":[{"name":"wp","href":"https:\/\/api.w.org\/{rel}","templated":true}]}}