{"id":25525,"date":"2026-03-07T10:09:25","date_gmt":"2026-03-07T10:09:25","guid":{"rendered":"https:\/\/www.cvexpres.com\/empleo-profesor\/?p=25525"},"modified":"2026-03-07T10:09:25","modified_gmt":"2026-03-07T10:09:25","slug":"empleo-para-maestro-de-educacion-primaria-con-ingles-nativo","status":"publish","type":"post","link":"https:\/\/www.cvexpres.com\/empleo-profesor\/empleo-para-maestro-de-educacion-primaria-con-ingles-nativo\/","title":{"rendered":"Empleo para maestro de educaci\u00f3n primaria con ingl\u00e9s nativo"},"content":{"rendered":"<div class=\"wpb-content-wrapper\"><p>[vc_row][vc_column width=&#8221;1\/6&#8243;][\/vc_column][vc_column width=&#8221;2\/3&#8243;][vc_column_text css=&#8221;&#8221;]<\/p>\n<h2>Centro de Ense\u00f1anza | Islas Baleares<\/h2>\n<p>[\/vc_column_text][\/vc_column][vc_column width=&#8221;1\/6&#8243;][\/vc_column][\/vc_row][vc_row row_type=&#8221;row&#8221; use_row_as_full_screen_section=&#8221;no&#8221; type=&#8221;full_width&#8221; angled_section=&#8221;no&#8221; text_align=&#8221;left&#8221; background_image_as_pattern=&#8221;without_pattern&#8221;][vc_column width=&#8221;1\/2&#8243;][vc_single_image image=&#8221;25526&#8243; img_size=&#8221;full&#8221; alignment=&#8221;center&#8221; style=&#8221;vc_box_shadow_3d&#8221; css=&#8221;&#8221; qode_css_animation=&#8221;element_from_bottom&#8221; qode_hover_animation=&#8221;zoom_in&#8221;][\/vc_column][vc_column width=&#8221;1\/2&#8243;][vc_column_text css=&#8221;&#8221;]<strong>Tipo de centro<\/strong>: Centro de Ense\u00f1anza<\/p>\n<p><strong>Descripci\u00f3n<\/strong>: Centro de Ense\u00f1anza busca a un\/a Maestro\/a de Educaci\u00f3n Primaria con Ingl\u00e9s Nativo.[\/vc_column_text][vc_column_text css=&#8221;&#8221;]<strong>Requisitos:<\/strong><\/p>\n<ul>\n<li>Necesario Grado en Educaci\u00f3n Primaria cursado en Espa\u00f1a o Grado en Filolog\u00eda Inglesa cursado fuera de Espa\u00f1a.<\/li>\n<li>Ingl\u00e9s\/a nativo\/a o lengua inglesa materna\/paterna.<\/li>\n<li>Se valorar\u00e1 experiencia como maestro\/a y\/o auxiliar de conversaci\u00f3n y pasi\u00f3n por la ense\u00f1anza.<\/li>\n<\/ul>\n<p>[\/vc_column_text][\/vc_column][\/vc_row][vc_row row_type=&#8221;row&#8221; use_row_as_full_screen_section=&#8221;no&#8221; type=&#8221;full_width&#8221; angled_section=&#8221;no&#8221; text_align=&#8221;left&#8221; background_image_as_pattern=&#8221;without_pattern&#8221;][vc_column width=&#8221;1\/2&#8243;][vc_column_text css=&#8221;&#8221;]<strong>Fecha de publicaci\u00f3n:<\/strong> 07\/03\/2026<\/p>\n<p><strong>Fecha de resoluci\u00f3n: <\/strong>N\/A<\/p>\n<p><strong>Jornada laboral: <\/strong>Completa<\/p>\n<p><strong>Tipo de contrato: <\/strong>Inmediata[\/vc_column_text][vc_column_text css=&#8221;.vc_custom_1748579976247{background-color: #D8D8D8 !important;}&#8221;]<\/p>\n<h5>\u00bfTe interesa? Ingresa en el siguiente enlace:<\/h5>\n<p>[\/vc_column_text][vc_btn title=&#8221;Registrarse a la oferta&#8221; style=&#8221;3d&#8221; color=&#8221;sandy-brown&#8221; align=&#8221;center&#8221; i_icon_fontawesome=&#8221;fa fa-solid fa-circle-arrow-right&#8221; css=&#8221;&#8221; button_block=&#8221;true&#8221; add_icon=&#8221;true&#8221; link=&#8221;url:https%3A%2F%2Fes.jobsora.com%2Foferta-47006443793%3Fsource%3D7|title:Reg%C3%ADstrate%20Aqu%C3%AD|target:_blank|rel:nofollow&#8221;][\/vc_column][vc_column width=&#8221;1\/2&#8243;][vc_gmaps link=&#8221;#E-8_JTNDaWZyYW1lJTIwc3JjJTNEJTIyaHR0cHMlM0ElMkYlMkZ3d3cuZ29vZ2xlLmNvbSUyRm1hcHMlMkZlbWJlZCUzRnBiJTNEJTIxMW0xOCUyMTFtMTIlMjExbTMlMjExZDMxNjM1OTMuMzIzNzM1Nzc5NiUyMTJkLTIuMjc3MTUxMjY5NzYwNTk1JTIxM2QzOS4yNTU0MzIyODA5MDk0NDYlMjEybTMlMjExZjAlMjEyZjAlMjEzZjAlMjEzbTIlMjExaTEwMjQlMjEyaTc2OCUyMTRmMTMuMSUyMTNtMyUyMTFtMiUyMTFzMHgxMjk3YmJmZmY0MDQ4NjRiJTI1M0EweGQ1ODk2YmE5YzcyZGIyYzQlMjEyc0lzbGFzJTI1MjBCYWxlYXJlcyUyMTVlMCUyMTNtMiUyMTFzZXMlMjEyc214JTIxNHYxNzcyODc4MTM5MDMzJTIxNW0yJTIxMXNlcyUyMTJzbXglMjIlMjB3aWR0aCUzRCUyMjYwMCUyMiUyMGhlaWdodCUzRCUyMjQ1MCUyMiUyMHN0eWxlJTNEJTIyYm9yZGVyJTNBMCUzQiUyMiUyMGFsbG93ZnVsbHNjcmVlbiUzRCUyMiUyMiUyMGxvYWRpbmclM0QlMjJsYXp5JTIyJTIwcmVmZXJyZXJwb2xpY3klM0QlMjJuby1yZWZlcnJlci13aGVuLWRvd25ncmFkZSUyMiUzRSUzQyUyRmlmcmFtZSUzRQ==&#8221; css=&#8221;&#8221;][\/vc_column][\/vc_row][vc_row row_type=&#8221;row&#8221; use_row_as_full_screen_section=&#8221;no&#8221; type=&#8221;full_width&#8221; angled_section=&#8221;no&#8221; text_align=&#8221;left&#8221; background_image_as_pattern=&#8221;without_pattern&#8221;][vc_column][vc_column_text]<\/p>\n<p>[\/vc_column_text][\/vc_column][\/vc_row]<\/p>\n<\/div>","protected":false},"excerpt":{"rendered":"<p>[vc_row][vc_column width=&#8221;1\/6&#8243;][\/vc_column][vc_column width=&#8221;2\/3&#8243;][vc_column_text css=&#8221;&#8221;] Centro de Ense\u00f1anza | Islas Baleares [\/vc_column_text][\/vc_column][vc_column width=&#8221;1\/6&#8243;][\/vc_column][\/vc_row][vc_row row_type=&#8221;row&#8221; use_row_as_full_screen_section=&#8221;no&#8221; type=&#8221;full_width&#8221; angled_section=&#8221;no&#8221; text_align=&#8221;left&#8221; background_image_as_pattern=&#8221;without_pattern&#8221;][vc_column width=&#8221;1\/2&#8243;][vc_single_image image=&#8221;25526&#8243;&#8230;<\/p>\n","protected":false},"author":3,"featured_media":0,"comment_status":"open","ping_status":"open","sticky":false,"template":"","format":"standard","meta":{"footnotes":""},"categories":[3],"tags":[],"class_list":{"0":"post-25525","1":"post","2":"type-post","3":"status-publish","4":"format-standard","6":"category-ofertas-de-empleo-para-profesores"},"menu_order":0,"_links":{"self":[{"href":"https:\/\/www.cvexpres.com\/empleo-profesor\/wp-json\/wp\/v2\/posts\/25525","targetHints":{"allow":["GET"]}}],"collection":[{"href":"https:\/\/www.cvexpres.com\/empleo-profesor\/wp-json\/wp\/v2\/posts"}],"about":[{"href":"https:\/\/www.cvexpres.com\/empleo-profesor\/wp-json\/wp\/v2\/types\/post"}],"author":[{"embeddable":true,"href":"https:\/\/www.cvexpres.com\/empleo-profesor\/wp-json\/wp\/v2\/users\/3"}],"replies":[{"embeddable":true,"href":"https:\/\/www.cvexpres.com\/empleo-profesor\/wp-json\/wp\/v2\/comments?post=25525"}],"version-history":[{"count":1,"href":"https:\/\/www.cvexpres.com\/empleo-profesor\/wp-json\/wp\/v2\/posts\/25525\/revisions"}],"predecessor-version":[{"id":25527,"href":"https:\/\/www.cvexpres.com\/empleo-profesor\/wp-json\/wp\/v2\/posts\/25525\/revisions\/25527"}],"wp:attachment":[{"href":"https:\/\/www.cvexpres.com\/empleo-profesor\/wp-json\/wp\/v2\/media?parent=25525"}],"wp:term":[{"taxonomy":"category","embeddable":true,"href":"https:\/\/www.cvexpres.com\/empleo-profesor\/wp-json\/wp\/v2\/categories?post=25525"},{"taxonomy":"post_tag","embeddable":true,"href":"https:\/\/www.cvexpres.com\/empleo-profesor\/wp-json\/wp\/v2\/tags?post=25525"}],"curies":[{"name":"wp","href":"https:\/\/api.w.org\/{rel}","templated":true}]}}